{"id":4712,"date":"2025-09-11T17:27:30","date_gmt":"2025-09-11T16:27:30","guid":{"rendered":"http:\/\/www.ancienanfbombardier.fr\/?p=4712"},"modified":"2025-09-11T17:34:22","modified_gmt":"2025-09-11T16:34:22","slug":"turbotrain-anf-frangeco","status":"publish","type":"post","link":"http:\/\/www.ancienanfbombardier.fr\/?p=4712","title":{"rendered":"Turbotrain ANF\/FRANGECO"},"content":{"rendered":"<a href=\"http:\/\/www.ancienanfbombardier.fr\/wp-content\/uploads\/2025\/09\/Document_2025-09-11_2-combine-1.pdf\" class=\"pdfemb-viewer\" style=\"\" data-width=\"max\" data-height=\"max\"  data-toolbar=\"top\" data-toolbar-fixed=\"on\">Document_2025-09-11_2-combine-1<br\/><\/a>\n<p class=\"wp-block-pdfemb-pdf-embedder-viewer\"><\/p>\n\n\n<a href=\"http:\/\/www.ancienanfbombardier.fr\/wp-content\/uploads\/2025\/09\/Document_2025-09-11_10-combined.pdf\" class=\"pdfemb-viewer\" style=\"\" data-width=\"max\" data-height=\"max\"  data-toolbar=\"top\" data-toolbar-fixed=\"on\">Document_2025-09-11_10-combined<br\/><\/a>\n<p class=\"wp-block-pdfemb-pdf-embedder-viewer\"><\/p>\n","protected":false},"excerpt":{"rendered":"","protected":false},"author":1,"featured_media":0,"comment_status":"closed","ping_status":"open","sticky":false,"template":"","format":"standard","meta":{"advgb_blocks_editor_width":"","advgb_blocks_columns_visual_guide":"","footnotes":""},"categories":[5],"tags":[],"author_meta":{"display_name":"admin","author_link":"http:\/\/www.ancienanfbombardier.fr\/?author=1"},"featured_img":null,"coauthors":[],"tax_additional":{"categories":{"linked":["<a href=\"http:\/\/www.ancienanfbombardier.fr\/?cat=5\" class=\"advgb-post-tax-term\">Categorie<\/a>"],"unlinked":["<span class=\"advgb-post-tax-term\">Categorie<\/span>"]}},"comment_count":"0","relative_dates":{"created":"Publi\u00e9 8 mois il y a","modified":"Mis \u00e0 jour 8 mois il y a"},"absolute_dates":{"created":"Publi\u00e9 le 11\/09\/2025","modified":"Mise \u00e0 jour le 11\/09\/2025"},"absolute_dates_time":{"created":"Publi\u00e9 le 11\/09\/2025 17 h 27 min","modified":"Mise \u00e0 jour le 11\/09\/2025 17 h 34 min"},"featured_img_caption":"","series_order":"","_links":{"self":[{"href":"http:\/\/www.ancienanfbombardier.fr\/index.php?rest_route=\/wp\/v2\/posts\/4712"}],"collection":[{"href":"http:\/\/www.ancienanfbombardier.fr\/index.php?rest_route=\/wp\/v2\/posts"}],"about":[{"href":"http:\/\/www.ancienanfbombardier.fr\/index.php?rest_route=\/wp\/v2\/types\/post"}],"author":[{"embeddable":true,"href":"http:\/\/www.ancienanfbombardier.fr\/index.php?rest_route=\/wp\/v2\/users\/1"}],"replies":[{"embeddable":true,"href":"http:\/\/www.ancienanfbombardier.fr\/index.php?rest_route=%2Fwp%2Fv2%2Fcomments&post=4712"}],"version-history":[{"count":2,"href":"http:\/\/www.ancienanfbombardier.fr\/index.php?rest_route=\/wp\/v2\/posts\/4712\/revisions"}],"predecessor-version":[{"id":4731,"href":"http:\/\/www.ancienanfbombardier.fr\/index.php?rest_route=\/wp\/v2\/posts\/4712\/revisions\/4731"}],"wp:attachment":[{"href":"http:\/\/www.ancienanfbombardier.fr\/index.php?rest_route=%2Fwp%2Fv2%2Fmedia&parent=4712"}],"wp:term":[{"taxonomy":"category","embeddable":true,"href":"http:\/\/www.ancienanfbombardier.fr\/index.php?rest_route=%2Fwp%2Fv2%2Fcategories&post=4712"},{"taxonomy":"post_tag","embeddable":true,"href":"http:\/\/www.ancienanfbombardier.fr\/index.php?rest_route=%2Fwp%2Fv2%2Ftags&post=4712"}],"curies":[{"name":"wp","href":"https:\/\/api.w.org\/{rel}","templated":true}]}}